{"id":1,"date":"2019-09-18T17:26:45","date_gmt":"2019-09-18T15:26:45","guid":{"rendered":"http:\/\/gememarxengels.org\/?p=1"},"modified":"2020-12-03T23:33:15","modified_gmt":"2020-12-03T22:33:15","slug":"bonjour-tout-le-monde","status":"publish","type":"post","link":"https:\/\/gememarxengels.org\/index.php\/2019\/09\/18\/bonjour-tout-le-monde\/","title":{"rendered":"Les illustrations du livre allemand"},"content":{"rendered":"\n<figure class=\"wp-block-gallery columns-2 is-cropped wp-block-gallery-1 is-layout-flex wp-block-gallery-is-layout-flex\"><ul class=\"blocks-gallery-grid\"><li class=\"blocks-gallery-item\"><figure><a href=\"http:\/\/gememarxengels.org\/wp-content\/uploads\/2019\/09\/EsquisseKarlMarx-1024x723.jpg\"><img loading=\"lazy\" decoding=\"async\" width=\"1024\" height=\"723\" src=\"http:\/\/gememarxengels.org\/wp-content\/uploads\/2019\/09\/EsquisseKarlMarx-1024x723.jpg\" alt=\"\" data-id=\"81\" data-link=\"http:\/\/gememarxengels.org\/index.php\/2019\/09\/18\/bonjour-tout-le-monde\/085-innenteil-gros-indd-6\/\" class=\"wp-image-81\" srcset=\"https:\/\/gememarxengels.org\/wp-content\/uploads\/2019\/09\/EsquisseKarlMarx-1024x723.jpg 1024w, https:\/\/gememarxengels.org\/wp-content\/uploads\/2019\/09\/EsquisseKarlMarx-300x212.jpg 300w, https:\/\/gememarxengels.org\/wp-content\/uploads\/2019\/09\/EsquisseKarlMarx-768x542.jpg 768w, https:\/\/gememarxengels.org\/wp-content\/uploads\/2019\/09\/EsquisseKarlMarx-1530x1080.jpg 1530w\" sizes=\"(max-width: 1024px) 100vw, 1024px\" \/><\/a><figcaption class=\"blocks-gallery-item__caption\"> Karl Marx en 1835\/1836 \u00e0 Bonn. Dessin de Heinrich Rosbach publi\u00e9 pour la premi\u00e8re fois en 2017 par le  Mus\u00e9e de la ville de Tr\u00e8ves Coll\u00e9giale Simeon <\/figcaption><\/figure><\/li><li class=\"blocks-gallery-item\"><figure><a href=\"http:\/\/gememarxengels.org\/wp-content\/uploads\/2019\/09\/DessinJeuneKarlMarx-608x1024.jpg\"><img loading=\"lazy\" decoding=\"async\" width=\"608\" height=\"1024\" src=\"http:\/\/gememarxengels.org\/wp-content\/uploads\/2019\/09\/DessinJeuneKarlMarx-608x1024.jpg\" alt=\"\" data-id=\"82\" data-link=\"http:\/\/gememarxengels.org\/index.php\/2019\/09\/18\/bonjour-tout-le-monde\/085-innenteil-gros-indd-7\/\" class=\"wp-image-82\" srcset=\"https:\/\/gememarxengels.org\/wp-content\/uploads\/2019\/09\/DessinJeuneKarlMarx-608x1024.jpg 608w, https:\/\/gememarxengels.org\/wp-content\/uploads\/2019\/09\/DessinJeuneKarlMarx-178x300.jpg 178w, https:\/\/gememarxengels.org\/wp-content\/uploads\/2019\/09\/DessinJeuneKarlMarx-768x1293.jpg 768w, https:\/\/gememarxengels.org\/wp-content\/uploads\/2019\/09\/DessinJeuneKarlMarx-1024x1724.jpg 1024w, https:\/\/gememarxengels.org\/wp-content\/uploads\/2019\/09\/DessinJeuneKarlMarx-641x1080.jpg 641w, https:\/\/gememarxengels.org\/wp-content\/uploads\/2019\/09\/DessinJeuneKarlMarx.jpg 1186w\" sizes=\"(max-width: 608px) 100vw, 608px\" \/><\/a><figcaption class=\"blocks-gallery-item__caption\">Karl Marx,  dessin de Hellmut Bach (1953) d&#8217;apr\u00e8s la photo d&#8217;un groupe des \u00e9tudiants de Tr\u00e8ves <\/figcaption><\/figure><\/li><li class=\"blocks-gallery-item\"><figure><a href=\"http:\/\/gememarxengels.org\/wp-content\/uploads\/2019\/09\/Universit\u00e9Bonn-e1569496910907-1024x687.jpg\"><img loading=\"lazy\" decoding=\"async\" width=\"1024\" height=\"687\" src=\"http:\/\/gememarxengels.org\/wp-content\/uploads\/2019\/09\/Universit\u00e9Bonn-e1569496910907-1024x687.jpg\" alt=\"\" data-id=\"83\" data-link=\"http:\/\/gememarxengels.org\/index.php\/2019\/09\/18\/bonjour-tout-le-monde\/085-innenteil-gros-indd-8\/\" class=\"wp-image-83\" srcset=\"https:\/\/gememarxengels.org\/wp-content\/uploads\/2019\/09\/Universit\u00e9Bonn-e1569496910907-1024x687.jpg 1024w, https:\/\/gememarxengels.org\/wp-content\/uploads\/2019\/09\/Universit\u00e9Bonn-e1569496910907-300x201.jpg 300w, https:\/\/gememarxengels.org\/wp-content\/uploads\/2019\/09\/Universit\u00e9Bonn-e1569496910907-768x515.jpg 768w, https:\/\/gememarxengels.org\/wp-content\/uploads\/2019\/09\/Universit\u00e9Bonn-e1569496910907-1611x1080.jpg 1611w\" sizes=\"(max-width: 1024px) 100vw, 1024px\" \/><\/a><figcaption class=\"blocks-gallery-item__caption\"> \u00abAssociation Kneipp\u00bb des \u00e9tudiants de Tr\u00e8ves \u00e0 l&#8217;universit\u00e9 de Bonn <\/figcaption><\/figure><\/li><li class=\"blocks-gallery-item\"><figure><a href=\"http:\/\/gememarxengels.org\/wp-content\/uploads\/2019\/09\/manuscritthese1-recadr\u00e9-782x1024.jpg\"><img loading=\"lazy\" decoding=\"async\" width=\"782\" height=\"1024\" src=\"http:\/\/gememarxengels.org\/wp-content\/uploads\/2019\/09\/manuscritthese1-recadr\u00e9-782x1024.jpg\" alt=\"\" data-id=\"139\" data-link=\"http:\/\/gememarxengels.org\/manuscritthese1-recadre\/\" class=\"wp-image-139\" srcset=\"https:\/\/gememarxengels.org\/wp-content\/uploads\/2019\/09\/manuscritthese1-recadr\u00e9-782x1024.jpg 782w, https:\/\/gememarxengels.org\/wp-content\/uploads\/2019\/09\/manuscritthese1-recadr\u00e9-229x300.jpg 229w, https:\/\/gememarxengels.org\/wp-content\/uploads\/2019\/09\/manuscritthese1-recadr\u00e9-768x1006.jpg 768w, https:\/\/gememarxengels.org\/wp-content\/uploads\/2019\/09\/manuscritthese1-recadr\u00e9-1024x1341.jpg 1024w, https:\/\/gememarxengels.org\/wp-content\/uploads\/2019\/09\/manuscritthese1-recadr\u00e9-824x1080.jpg 824w, https:\/\/gememarxengels.org\/wp-content\/uploads\/2019\/09\/manuscritthese1-recadr\u00e9.jpg 1394w\" sizes=\"(max-width: 782px) 100vw, 782px\" \/><\/a><figcaption class=\"blocks-gallery-item__caption\">Premi\u00e8re page de la th\u00e8se de doctorat de Marx<\/figcaption><\/figure><\/li><li class=\"blocks-gallery-item\"><figure><a href=\"http:\/\/gememarxengels.org\/wp-content\/uploads\/2019\/09\/manuscritth\u00e8se2-747x1024.jpg\"><img loading=\"lazy\" decoding=\"async\" width=\"747\" height=\"1024\" src=\"http:\/\/gememarxengels.org\/wp-content\/uploads\/2019\/09\/manuscritth\u00e8se2-747x1024.jpg\" alt=\"\" data-id=\"140\" data-link=\"http:\/\/gememarxengels.org\/manuscritthese2\/\" class=\"wp-image-140\" srcset=\"https:\/\/gememarxengels.org\/wp-content\/uploads\/2019\/09\/manuscritth\u00e8se2-747x1024.jpg 747w, https:\/\/gememarxengels.org\/wp-content\/uploads\/2019\/09\/manuscritth\u00e8se2-219x300.jpg 219w, https:\/\/gememarxengels.org\/wp-content\/uploads\/2019\/09\/manuscritth\u00e8se2-768x1053.jpg 768w, https:\/\/gememarxengels.org\/wp-content\/uploads\/2019\/09\/manuscritth\u00e8se2-1024x1404.jpg 1024w, https:\/\/gememarxengels.org\/wp-content\/uploads\/2019\/09\/manuscritth\u00e8se2-788x1080.jpg 788w, https:\/\/gememarxengels.org\/wp-content\/uploads\/2019\/09\/manuscritth\u00e8se2.jpg 1508w\" sizes=\"(max-width: 747px) 100vw, 747px\" \/><\/a><figcaption class=\"blocks-gallery-item__caption\">Manuscrit de la th\u00e8se de Marx<\/figcaption><\/figure><\/li><li class=\"blocks-gallery-item\"><figure><a href=\"http:\/\/gememarxengels.org\/wp-content\/uploads\/2019\/09\/LudwigVonWestphalen-1-713x1024.jpg\"><img loading=\"lazy\" decoding=\"async\" width=\"713\" height=\"1024\" src=\"http:\/\/gememarxengels.org\/wp-content\/uploads\/2019\/09\/LudwigVonWestphalen-1-713x1024.jpg\" alt=\"\" data-id=\"134\" data-link=\"http:\/\/gememarxengels.org\/index.php\/2019\/09\/18\/bonjour-tout-le-monde\/085-innenteil-gros-indd-20\/\" class=\"wp-image-134\" srcset=\"https:\/\/gememarxengels.org\/wp-content\/uploads\/2019\/09\/LudwigVonWestphalen-1-713x1024.jpg 713w, https:\/\/gememarxengels.org\/wp-content\/uploads\/2019\/09\/LudwigVonWestphalen-1-209x300.jpg 209w, https:\/\/gememarxengels.org\/wp-content\/uploads\/2019\/09\/LudwigVonWestphalen-1-768x1103.jpg 768w, https:\/\/gememarxengels.org\/wp-content\/uploads\/2019\/09\/LudwigVonWestphalen-1-1024x1470.jpg 1024w, https:\/\/gememarxengels.org\/wp-content\/uploads\/2019\/09\/LudwigVonWestphalen-1-752x1080.jpg 752w\" sizes=\"(max-width: 713px) 100vw, 713px\" \/><\/a><figcaption class=\"blocks-gallery-item__caption\">Johann Ludwig von Westphalen<\/figcaption><\/figure><\/li><li class=\"blocks-gallery-item\"><figure><a href=\"http:\/\/gememarxengels.org\/wp-content\/uploads\/2019\/09\/Jenny-1-854x1024.jpg\"><img loading=\"lazy\" decoding=\"async\" width=\"854\" height=\"1024\" src=\"http:\/\/gememarxengels.org\/wp-content\/uploads\/2019\/09\/Jenny-1-854x1024.jpg\" alt=\"\" data-id=\"133\" data-link=\"http:\/\/gememarxengels.org\/index.php\/2019\/09\/18\/bonjour-tout-le-monde\/085-innenteil-gros-indd-19\/\" class=\"wp-image-133\" srcset=\"https:\/\/gememarxengels.org\/wp-content\/uploads\/2019\/09\/Jenny-1-854x1024.jpg 854w, https:\/\/gememarxengels.org\/wp-content\/uploads\/2019\/09\/Jenny-1-250x300.jpg 250w, https:\/\/gememarxengels.org\/wp-content\/uploads\/2019\/09\/Jenny-1-768x921.jpg 768w, https:\/\/gememarxengels.org\/wp-content\/uploads\/2019\/09\/Jenny-1-1024x1228.jpg 1024w, https:\/\/gememarxengels.org\/wp-content\/uploads\/2019\/09\/Jenny-1-901x1080.jpg 901w\" sizes=\"(max-width: 854px) 100vw, 854px\" \/><\/a><figcaption class=\"blocks-gallery-item__caption\">Jenny von Westphalen, 1832<\/figcaption><\/figure><\/li><li class=\"blocks-gallery-item\"><figure><a href=\"http:\/\/gememarxengels.org\/wp-content\/uploads\/2019\/09\/Wyttenbachdirecteurdulyc\u00e9e-858x1024.jpg\"><img loading=\"lazy\" decoding=\"async\" width=\"858\" height=\"1024\" src=\"http:\/\/gememarxengels.org\/wp-content\/uploads\/2019\/09\/Wyttenbachdirecteurdulyc\u00e9e-858x1024.jpg\" alt=\"\" data-id=\"86\" data-link=\"http:\/\/gememarxengels.org\/index.php\/2019\/09\/18\/bonjour-tout-le-monde\/085-innenteil-gros-indd-11\/\" class=\"wp-image-86\" srcset=\"https:\/\/gememarxengels.org\/wp-content\/uploads\/2019\/09\/Wyttenbachdirecteurdulyc\u00e9e-858x1024.jpg 858w, https:\/\/gememarxengels.org\/wp-content\/uploads\/2019\/09\/Wyttenbachdirecteurdulyc\u00e9e-251x300.jpg 251w, https:\/\/gememarxengels.org\/wp-content\/uploads\/2019\/09\/Wyttenbachdirecteurdulyc\u00e9e-768x917.jpg 768w, https:\/\/gememarxengels.org\/wp-content\/uploads\/2019\/09\/Wyttenbachdirecteurdulyc\u00e9e-1024x1223.jpg 1024w, https:\/\/gememarxengels.org\/wp-content\/uploads\/2019\/09\/Wyttenbachdirecteurdulyc\u00e9e-904x1080.jpg 904w\" sizes=\"(max-width: 858px) 100vw, 858px\" \/><\/a><figcaption class=\"blocks-gallery-item__caption\">Hugo Wyttenbach, directeur du lyc\u00e9e de Tr\u00e8ves.  Tableau de Johann Anton Ramboux, 1829,   Mus\u00e9e de la ville de Tr\u00e8ves Coll\u00e9giale Simeon <\/figcaption><\/figure><\/li><li class=\"blocks-gallery-item\"><figure><a href=\"http:\/\/gememarxengels.org\/wp-content\/uploads\/2019\/09\/diplomededoctorat-714x1024.jpg\"><img loading=\"lazy\" decoding=\"async\" width=\"714\" height=\"1024\" src=\"http:\/\/gememarxengels.org\/wp-content\/uploads\/2019\/09\/diplomededoctorat-714x1024.jpg\" alt=\"\" data-id=\"141\" data-link=\"http:\/\/gememarxengels.org\/diplomededoctorat\/\" class=\"wp-image-141\" srcset=\"https:\/\/gememarxengels.org\/wp-content\/uploads\/2019\/09\/diplomededoctorat-714x1024.jpg 714w, https:\/\/gememarxengels.org\/wp-content\/uploads\/2019\/09\/diplomededoctorat-209x300.jpg 209w, https:\/\/gememarxengels.org\/wp-content\/uploads\/2019\/09\/diplomededoctorat-768x1102.jpg 768w, https:\/\/gememarxengels.org\/wp-content\/uploads\/2019\/09\/diplomededoctorat-1024x1469.jpg 1024w, https:\/\/gememarxengels.org\/wp-content\/uploads\/2019\/09\/diplomededoctorat-753x1080.jpg 753w, https:\/\/gememarxengels.org\/wp-content\/uploads\/2019\/09\/diplomededoctorat.jpg 1508w\" sizes=\"(max-width: 714px) 100vw, 714px\" \/><\/a><figcaption class=\"blocks-gallery-item__caption\">Dipl\u00f4me de doctorat de Karl Marx<\/figcaption><\/figure><\/li><li class=\"blocks-gallery-item\"><figure><a href=\"http:\/\/gememarxengels.org\/wp-content\/uploads\/2019\/09\/Hegel-1-809x1024.jpg\"><img loading=\"lazy\" decoding=\"async\" width=\"809\" height=\"1024\" src=\"http:\/\/gememarxengels.org\/wp-content\/uploads\/2019\/09\/Hegel-1-809x1024.jpg\" alt=\"\" data-id=\"132\" data-link=\"http:\/\/gememarxengels.org\/index.php\/2019\/09\/18\/bonjour-tout-le-monde\/085-innenteil-gros-indd-18\/\" class=\"wp-image-132\" srcset=\"https:\/\/gememarxengels.org\/wp-content\/uploads\/2019\/09\/Hegel-1-809x1024.jpg 809w, https:\/\/gememarxengels.org\/wp-content\/uploads\/2019\/09\/Hegel-1-237x300.jpg 237w, https:\/\/gememarxengels.org\/wp-content\/uploads\/2019\/09\/Hegel-1-768x972.jpg 768w, https:\/\/gememarxengels.org\/wp-content\/uploads\/2019\/09\/Hegel-1-1024x1296.jpg 1024w, https:\/\/gememarxengels.org\/wp-content\/uploads\/2019\/09\/Hegel-1-854x1080.jpg 854w\" sizes=\"(max-width: 809px) 100vw, 809px\" \/><\/a><figcaption class=\"blocks-gallery-item__caption\">Georg Friedrich Wilhelm Hegel par Jakob Schlesinger, 1831 <\/figcaption><\/figure><\/li><li class=\"blocks-gallery-item\"><figure><a href=\"http:\/\/gememarxengels.org\/wp-content\/uploads\/2019\/09\/EduardGans-1-1024x836.jpg\"><img loading=\"lazy\" decoding=\"async\" width=\"1024\" height=\"836\" src=\"http:\/\/gememarxengels.org\/wp-content\/uploads\/2019\/09\/EduardGans-1-1024x836.jpg\" alt=\"\" data-id=\"130\" data-link=\"http:\/\/gememarxengels.org\/index.php\/2019\/09\/18\/bonjour-tout-le-monde\/085-innenteil-gros-indd-16\/\" class=\"wp-image-130\" srcset=\"https:\/\/gememarxengels.org\/wp-content\/uploads\/2019\/09\/EduardGans-1-1024x836.jpg 1024w, https:\/\/gememarxengels.org\/wp-content\/uploads\/2019\/09\/EduardGans-1-300x245.jpg 300w, https:\/\/gememarxengels.org\/wp-content\/uploads\/2019\/09\/EduardGans-1-768x627.jpg 768w, https:\/\/gememarxengels.org\/wp-content\/uploads\/2019\/09\/EduardGans-1-1322x1080.jpg 1322w\" sizes=\"(max-width: 1024px) 100vw, 1024px\" \/><\/a><figcaption class=\"blocks-gallery-item__caption\">Eduard Gans<\/figcaption><\/figure><\/li><li class=\"blocks-gallery-item\"><figure><a href=\"http:\/\/gememarxengels.org\/wp-content\/uploads\/2019\/09\/Parochialstrasse-1-754x1024.jpg\"><img loading=\"lazy\" decoding=\"async\" width=\"754\" height=\"1024\" src=\"http:\/\/gememarxengels.org\/wp-content\/uploads\/2019\/09\/Parochialstrasse-1-754x1024.jpg\" alt=\"\" data-id=\"135\" data-link=\"http:\/\/gememarxengels.org\/index.php\/2019\/09\/18\/bonjour-tout-le-monde\/085-innenteil-gros-indd-21\/\" class=\"wp-image-135\" srcset=\"https:\/\/gememarxengels.org\/wp-content\/uploads\/2019\/09\/Parochialstrasse-1-754x1024.jpg 754w, https:\/\/gememarxengels.org\/wp-content\/uploads\/2019\/09\/Parochialstrasse-1-221x300.jpg 221w, https:\/\/gememarxengels.org\/wp-content\/uploads\/2019\/09\/Parochialstrasse-1-768x1043.jpg 768w, https:\/\/gememarxengels.org\/wp-content\/uploads\/2019\/09\/Parochialstrasse-1-1024x1391.jpg 1024w, https:\/\/gememarxengels.org\/wp-content\/uploads\/2019\/09\/Parochialstrasse-1-795x1080.jpg 795w, https:\/\/gememarxengels.org\/wp-content\/uploads\/2019\/09\/Parochialstrasse-1.jpg 1186w\" sizes=\"(max-width: 754px) 100vw, 754px\" \/><\/a><figcaption class=\"blocks-gallery-item__caption\"> Parochialstrasse in Berlin. Peinture d&#8217;Eduard Gaertner, 1831.<\/figcaption><\/figure><\/li><li class=\"blocks-gallery-item\"><figure><a href=\"http:\/\/gememarxengels.org\/wp-content\/uploads\/2019\/09\/BrunoBauer-1-767x1024.jpg\"><img loading=\"lazy\" decoding=\"async\" width=\"767\" height=\"1024\" src=\"http:\/\/gememarxengels.org\/wp-content\/uploads\/2019\/09\/BrunoBauer-1-767x1024.jpg\" alt=\"\" data-id=\"126\" data-link=\"http:\/\/gememarxengels.org\/index.php\/2019\/09\/18\/bonjour-tout-le-monde\/085-innenteil-gros-indd-14\/\" class=\"wp-image-126\" srcset=\"https:\/\/gememarxengels.org\/wp-content\/uploads\/2019\/09\/BrunoBauer-1-767x1024.jpg 767w, https:\/\/gememarxengels.org\/wp-content\/uploads\/2019\/09\/BrunoBauer-1-225x300.jpg 225w, https:\/\/gememarxengels.org\/wp-content\/uploads\/2019\/09\/BrunoBauer-1-768x1026.jpg 768w, https:\/\/gememarxengels.org\/wp-content\/uploads\/2019\/09\/BrunoBauer-1-1024x1367.jpg 1024w, https:\/\/gememarxengels.org\/wp-content\/uploads\/2019\/09\/BrunoBauer-1-809x1080.jpg 809w, https:\/\/gememarxengels.org\/wp-content\/uploads\/2019\/09\/BrunoBauer-1.jpg 1187w\" sizes=\"(max-width: 767px) 100vw, 767px\" \/><\/a><figcaption class=\"blocks-gallery-item__caption\">Bruno Bauer<\/figcaption><\/figure><\/li><li class=\"blocks-gallery-item\"><figure><a href=\"http:\/\/gememarxengels.org\/wp-content\/uploads\/2019\/09\/ArnoldRuge-1-771x1024.jpg\"><img loading=\"lazy\" decoding=\"async\" width=\"771\" height=\"1024\" src=\"http:\/\/gememarxengels.org\/wp-content\/uploads\/2019\/09\/ArnoldRuge-1-771x1024.jpg\" alt=\"\" data-id=\"125\" data-link=\"http:\/\/gememarxengels.org\/index.php\/2019\/09\/18\/bonjour-tout-le-monde\/085-innenteil-gros-indd-13\/\" class=\"wp-image-125\" srcset=\"https:\/\/gememarxengels.org\/wp-content\/uploads\/2019\/09\/ArnoldRuge-1-771x1024.jpg 771w, https:\/\/gememarxengels.org\/wp-content\/uploads\/2019\/09\/ArnoldRuge-1-226x300.jpg 226w, https:\/\/gememarxengels.org\/wp-content\/uploads\/2019\/09\/ArnoldRuge-1-768x1020.jpg 768w, https:\/\/gememarxengels.org\/wp-content\/uploads\/2019\/09\/ArnoldRuge-1-1024x1360.jpg 1024w, https:\/\/gememarxengels.org\/wp-content\/uploads\/2019\/09\/ArnoldRuge-1-813x1080.jpg 813w, https:\/\/gememarxengels.org\/wp-content\/uploads\/2019\/09\/ArnoldRuge-1.jpg 1193w\" sizes=\"(max-width: 771px) 100vw, 771px\" \/><\/a><figcaption class=\"blocks-gallery-item__caption\">Arnold Ruge<\/figcaption><\/figure><\/li><\/ul><\/figure>\n","protected":false},"excerpt":{"rendered":"","protected":false},"author":1,"featured_media":60,"comment_status":"closed","ping_status":"closed","sticky":false,"template":"","format":"standard","meta":{"footnotes":""},"categories":[1],"tags":[],"_links":{"self":[{"href":"https:\/\/gememarxengels.org\/index.php\/wp-json\/wp\/v2\/posts\/1"}],"collection":[{"href":"https:\/\/gememarxengels.org\/index.php\/wp-json\/wp\/v2\/posts"}],"about":[{"href":"https:\/\/gememarxengels.org\/index.php\/wp-json\/wp\/v2\/types\/post"}],"author":[{"embeddable":true,"href":"https:\/\/gememarxengels.org\/index.php\/wp-json\/wp\/v2\/users\/1"}],"replies":[{"embeddable":true,"href":"https:\/\/gememarxengels.org\/index.php\/wp-json\/wp\/v2\/comments?post=1"}],"version-history":[{"count":13,"href":"https:\/\/gememarxengels.org\/index.php\/wp-json\/wp\/v2\/posts\/1\/revisions"}],"predecessor-version":[{"id":165,"href":"https:\/\/gememarxengels.org\/index.php\/wp-json\/wp\/v2\/posts\/1\/revisions\/165"}],"wp:featuredmedia":[{"embeddable":true,"href":"https:\/\/gememarxengels.org\/index.php\/wp-json\/wp\/v2\/media\/60"}],"wp:attachment":[{"href":"https:\/\/gememarxengels.org\/index.php\/wp-json\/wp\/v2\/media?parent=1"}],"wp:term":[{"taxonomy":"category","embeddable":true,"href":"https:\/\/gememarxengels.org\/index.php\/wp-json\/wp\/v2\/categories?post=1"},{"taxonomy":"post_tag","embeddable":true,"href":"https:\/\/gememarxengels.org\/index.php\/wp-json\/wp\/v2\/tags?post=1"}],"curies":[{"name":"wp","href":"https:\/\/api.w.org\/{rel}","templated":true}]}}